{"id":10890,"date":"2025-06-12T13:51:57","date_gmt":"2025-06-12T13:51:57","guid":{"rendered":"http:\/\/kkskozienice.pl\/?p=10890"},"modified":"2025-06-12T13:51:57","modified_gmt":"2025-06-12T13:51:57","slug":"michal-ostrowski-nowym-trenerem-kks-u-kozienice","status":"publish","type":"post","link":"http:\/\/kkskozienice.pl\/?p=10890","title":{"rendered":"Micha\u0142 Ostrowski nowym trenerem KKS-u Kozienice!"},"content":{"rendered":"<h4 style=\"text-align: justify;\"><strong>Do\u015bwiadczony \u015brodkowy poprowadzi nasz zesp\u00f3\u0142 w sezonie 2025\/26.<\/strong><\/h4>\n<p style=\"text-align: justify;\"><!--more--><\/p>\n<p style=\"text-align: justify;\">Micha\u0142 do\u0142\u0105czy\u0142 do nas przed sezonem 2024\/25 i by\u0142 jednym z podstawowych graczy KKS-u w ostatnich rozgrywkach. Wielokrotnie zachwyca\u0142 przy siatce oraz w polu serwisowym. Nic w tym dziwnego, bo to zawodnik z olbrzymim dorobkiem na siatkarskich parkietach. Ostrowski sp\u0119dzi\u0142 jedena\u015bcie sezon\u00f3w w PlusLidze, gdzie zagra\u0142 186 spotka\u0144 i zdoby\u0142 628 punkt\u00f3w. Przez kilka sezon\u00f3w pe\u0142ni\u0142 obowi\u0105zki kapitana Czarnych Radom, dru\u017cyny z kt\u00f3r\u0105 zwi\u0105zany by\u0142 przez 18 lat.<\/p>\n<p style=\"text-align: justify;\">Teraz przed Micha\u0142em Ostrowskim otwiera si\u0119 nowy rozdzia\u0142 w sportowej karierze. To on, jako trener, poprowadzi Ene\u0119 KKS Kozienice w 2. lidze w rozgrywkach 2025\/26. Dla kozieniczan b\u0119dzie to dziesi\u0105ty sezon z rz\u0119du na tym poziomie. \u017byczymy powodzenia i trzymamy kciuki za dobre wyst\u0119py ca\u0142ego zespo\u0142u!<\/p>\n<p style=\"text-align: justify;\">Energii naszym siatkarzom dodaj\u0105 Enea oraz Gmina Kozienice.<\/p>\n<p style=\"text-align: center;\"><a href=\"http:\/\/kkskozienice.pl\/wp-content\/uploads\/2025\/06\/2-scaled.jpg\"><img loading=\"lazy\" class=\"aligncenter size-large wp-image-10892\" src=\"http:\/\/kkskozienice.pl\/wp-content\/uploads\/2025\/06\/2-1024x684.jpg\" alt=\"\" width=\"654\" height=\"437\" srcset=\"http:\/\/kkskozienice.pl\/wp-content\/uploads\/2025\/06\/2-1024x684.jpg 1024w, http:\/\/kkskozienice.pl\/wp-content\/uploads\/2025\/06\/2-300x200.jpg 300w, http:\/\/kkskozienice.pl\/wp-content\/uploads\/2025\/06\/2-768x513.jpg 768w, http:\/\/kkskozienice.pl\/wp-content\/uploads\/2025\/06\/2-1536x1025.jpg 1536w, http:\/\/kkskozienice.pl\/wp-content\/uploads\/2025\/06\/2-2048x1367.jpg 2048w, http:\/\/kkskozienice.pl\/wp-content\/uploads\/2025\/06\/2-128x85.jpg 128w, http:\/\/kkskozienice.pl\/wp-content\/uploads\/2025\/06\/2-32x21.jpg 32w, http:\/\/kkskozienice.pl\/wp-content\/uploads\/2025\/06\/2-1x1.jpg 1w, http:\/\/kkskozienice.pl\/wp-content\/uploads\/2025\/06\/2-272x182.jpg 272w\" sizes=\"(max-width: 654px) 100vw, 654px\" \/><\/a> <a href=\"http:\/\/kkskozienice.pl\/wp-content\/uploads\/2025\/06\/3-scaled.jpg\"><img loading=\"lazy\" class=\"aligncenter size-large wp-image-10893\" src=\"http:\/\/kkskozienice.pl\/wp-content\/uploads\/2025\/06\/3-1024x684.jpg\" alt=\"\" width=\"654\" height=\"437\" srcset=\"http:\/\/kkskozienice.pl\/wp-content\/uploads\/2025\/06\/3-1024x684.jpg 1024w, http:\/\/kkskozienice.pl\/wp-content\/uploads\/2025\/06\/3-300x200.jpg 300w, http:\/\/kkskozienice.pl\/wp-content\/uploads\/2025\/06\/3-768x513.jpg 768w, http:\/\/kkskozienice.pl\/wp-content\/uploads\/2025\/06\/3-1536x1025.jpg 1536w, http:\/\/kkskozienice.pl\/wp-content\/uploads\/2025\/06\/3-2048x1367.jpg 2048w, http:\/\/kkskozienice.pl\/wp-content\/uploads\/2025\/06\/3-128x85.jpg 128w, http:\/\/kkskozienice.pl\/wp-content\/uploads\/2025\/06\/3-32x21.jpg 32w, http:\/\/kkskozienice.pl\/wp-content\/uploads\/2025\/06\/3-1x1.jpg 1w, http:\/\/kkskozienice.pl\/wp-content\/uploads\/2025\/06\/3-272x182.jpg 272w\" sizes=\"(max-width: 654px) 100vw, 654px\" \/><\/a> <a href=\"http:\/\/kkskozienice.pl\/wp-content\/uploads\/2025\/06\/4-scaled.jpg\"><img loading=\"lazy\" class=\"aligncenter size-large wp-image-10894\" src=\"http:\/\/kkskozienice.pl\/wp-content\/uploads\/2025\/06\/4-1024x686.jpg\" alt=\"\" width=\"654\" height=\"438\" srcset=\"http:\/\/kkskozienice.pl\/wp-content\/uploads\/2025\/06\/4-1024x686.jpg 1024w, http:\/\/kkskozienice.pl\/wp-content\/uploads\/2025\/06\/4-300x201.jpg 300w, http:\/\/kkskozienice.pl\/wp-content\/uploads\/2025\/06\/4-768x514.jpg 768w, http:\/\/kkskozienice.pl\/wp-content\/uploads\/2025\/06\/4-1536x1028.jpg 1536w, http:\/\/kkskozienice.pl\/wp-content\/uploads\/2025\/06\/4-2048x1371.jpg 2048w, http:\/\/kkskozienice.pl\/wp-content\/uploads\/2025\/06\/4-128x86.jpg 128w, http:\/\/kkskozienice.pl\/wp-content\/uploads\/2025\/06\/4-32x21.jpg 32w, http:\/\/kkskozienice.pl\/wp-content\/uploads\/2025\/06\/4-1x1.jpg 1w, http:\/\/kkskozienice.pl\/wp-content\/uploads\/2025\/06\/4-272x182.jpg 272w\" sizes=\"(max-width: 654px) 100vw, 654px\" \/><\/a> <a href=\"http:\/\/kkskozienice.pl\/wp-content\/uploads\/2025\/06\/5-scaled.jpg\"><img loading=\"lazy\" class=\"aligncenter size-large wp-image-10895\" src=\"http:\/\/kkskozienice.pl\/wp-content\/uploads\/2025\/06\/5-1024x684.jpg\" alt=\"\" width=\"654\" height=\"437\" srcset=\"http:\/\/kkskozienice.pl\/wp-content\/uploads\/2025\/06\/5-1024x684.jpg 1024w, http:\/\/kkskozienice.pl\/wp-content\/uploads\/2025\/06\/5-300x200.jpg 300w, http:\/\/kkskozienice.pl\/wp-content\/uploads\/2025\/06\/5-768x513.jpg 768w, http:\/\/kkskozienice.pl\/wp-content\/uploads\/2025\/06\/5-1536x1025.jpg 1536w, http:\/\/kkskozienice.pl\/wp-content\/uploads\/2025\/06\/5-2048x1367.jpg 2048w, http:\/\/kkskozienice.pl\/wp-content\/uploads\/2025\/06\/5-128x85.jpg 128w, http:\/\/kkskozienice.pl\/wp-content\/uploads\/2025\/06\/5-32x21.jpg 32w, http:\/\/kkskozienice.pl\/wp-content\/uploads\/2025\/06\/5-1x1.jpg 1w, http:\/\/kkskozienice.pl\/wp-content\/uploads\/2025\/06\/5-272x182.jpg 272w\" sizes=\"(max-width: 654px) 100vw, 654px\" \/><\/a> <a href=\"http:\/\/kkskozienice.pl\/wp-content\/uploads\/2025\/06\/6-scaled.jpg\"><img loading=\"lazy\" class=\"aligncenter size-large wp-image-10896\" src=\"http:\/\/kkskozienice.pl\/wp-content\/uploads\/2025\/06\/6-1024x684.jpg\" alt=\"\" width=\"654\" height=\"437\" srcset=\"http:\/\/kkskozienice.pl\/wp-content\/uploads\/2025\/06\/6-1024x684.jpg 1024w, http:\/\/kkskozienice.pl\/wp-content\/uploads\/2025\/06\/6-300x200.jpg 300w, http:\/\/kkskozienice.pl\/wp-content\/uploads\/2025\/06\/6-768x513.jpg 768w, http:\/\/kkskozienice.pl\/wp-content\/uploads\/2025\/06\/6-1536x1025.jpg 1536w, http:\/\/kkskozienice.pl\/wp-content\/uploads\/2025\/06\/6-2048x1367.jpg 2048w, http:\/\/kkskozienice.pl\/wp-content\/uploads\/2025\/06\/6-128x85.jpg 128w, http:\/\/kkskozienice.pl\/wp-content\/uploads\/2025\/06\/6-32x21.jpg 32w, http:\/\/kkskozienice.pl\/wp-content\/uploads\/2025\/06\/6-1x1.jpg 1w, http:\/\/kkskozienice.pl\/wp-content\/uploads\/2025\/06\/6-272x182.jpg 272w\" sizes=\"(max-width: 654px) 100vw, 654px\" \/><\/a> <a href=\"http:\/\/kkskozienice.pl\/wp-content\/uploads\/2025\/06\/7-scaled.jpg\"><img loading=\"lazy\" class=\"aligncenter size-large wp-image-10897\" src=\"http:\/\/kkskozienice.pl\/wp-content\/uploads\/2025\/06\/7-1024x684.jpg\" alt=\"\" width=\"654\" height=\"437\" srcset=\"http:\/\/kkskozienice.pl\/wp-content\/uploads\/2025\/06\/7-1024x684.jpg 1024w, http:\/\/kkskozienice.pl\/wp-content\/uploads\/2025\/06\/7-300x200.jpg 300w, http:\/\/kkskozienice.pl\/wp-content\/uploads\/2025\/06\/7-768x513.jpg 768w, http:\/\/kkskozienice.pl\/wp-content\/uploads\/2025\/06\/7-1536x1025.jpg 1536w, http:\/\/kkskozienice.pl\/wp-content\/uploads\/2025\/06\/7-2048x1367.jpg 2048w, http:\/\/kkskozienice.pl\/wp-content\/uploads\/2025\/06\/7-128x85.jpg 128w, http:\/\/kkskozienice.pl\/wp-content\/uploads\/2025\/06\/7-32x21.jpg 32w, http:\/\/kkskozienice.pl\/wp-content\/uploads\/2025\/06\/7-1x1.jpg 1w, http:\/\/kkskozienice.pl\/wp-content\/uploads\/2025\/06\/7-272x182.jpg 272w\" sizes=\"(max-width: 654px) 100vw, 654px\" \/><\/a><\/p>\n","protected":false},"excerpt":{"rendered":"<p>Do\u015bwiadczony \u015brodkowy poprowadzi nasz zesp\u00f3\u0142 w sezonie 2025\/26.<\/p>\n","protected":false},"author":1,"featured_media":10891,"comment_status":"closed","ping_status":"open","sticky":false,"template":"","format":"standard","meta":[],"categories":[1],"tags":[29,25,26,23],"yoast_head":"<!-- This site is optimized with the Yoast SEO plugin v15.2 - https:\/\/yoast.com\/wordpress\/plugins\/seo\/ -->\n<title>Micha\u0142 Ostrowski nowym trenerem KKS-u Kozienice! -<\/title>\n<meta name=\"description\" content=\"Do\u015bwiadczony \u015brodkowy poprowadzi nasz zesp\u00f3\u0142 w sezonie 2025\/26.\" \/>\n<meta name=\"robots\" content=\"index, follow, max-snippet:-1, max-image-preview:large, max-video-preview:-1\" \/>\n<link rel=\"canonical\" href=\"http:\/\/kkskozienice.pl\/?p=10890\" \/>\n<meta property=\"og:locale\" content=\"pl_PL\" \/>\n<meta property=\"og:type\" content=\"article\" \/>\n<meta property=\"og:title\" content=\"Micha\u0142 Ostrowski nowym trenerem KKS-u Kozienice!\" \/>\n<meta property=\"og:description\" content=\"Do\u015bwiadczony \u015brodkowy poprowadzi nasz zesp\u00f3\u0142 w sezonie 2025\/26.\" \/>\n<meta property=\"og:url\" content=\"http:\/\/kkskozienice.pl\/?p=10890\" \/>\n<meta property=\"article:publisher\" content=\"https:\/\/www.facebook.com\/EneaKksKozienice\" \/>\n<meta property=\"article:published_time\" content=\"2025-06-12T13:51:57+00:00\" \/>\n<meta property=\"og:image\" content=\"http:\/\/kkskozienice.pl\/wp-content\/uploads\/2025\/06\/1-scaled.jpg\" \/>\n\t<meta property=\"og:image:width\" content=\"2560\" \/>\n\t<meta property=\"og:image:height\" content=\"1709\" \/>\n<meta name=\"twitter:card\" content=\"summary_large_image\" \/>\n<meta name=\"twitter:creator\" content=\"@KKSKozienice\" \/>\n<meta name=\"twitter:site\" content=\"@KKSKozienice\" \/>\n<meta name=\"twitter:label1\" value=\"Written by\">\n\t<meta name=\"twitter:data1\" value=\"kkskozienice\">\n\t<meta name=\"twitter:label2\" value=\"Est. reading time\">\n\t<meta name=\"twitter:data2\" value=\"1 minuta\">\n<script type=\"application\/ld+json\" class=\"yoast-schema-graph\">{\"@context\":\"https:\/\/schema.org\",\"@graph\":[{\"@type\":\"WebSite\",\"@id\":\"http:\/\/kkskozienice.pl\/#website\",\"url\":\"http:\/\/kkskozienice.pl\/\",\"name\":\"\",\"description\":\"\",\"potentialAction\":[{\"@type\":\"SearchAction\",\"target\":\"http:\/\/kkskozienice.pl\/?s={search_term_string}\",\"query-input\":\"required name=search_term_string\"}],\"inLanguage\":\"pl-PL\"},{\"@type\":\"ImageObject\",\"@id\":\"http:\/\/kkskozienice.pl\/?p=10890#primaryimage\",\"inLanguage\":\"pl-PL\",\"url\":\"http:\/\/kkskozienice.pl\/wp-content\/uploads\/2025\/06\/1-scaled.jpg\",\"width\":2560,\"height\":1709},{\"@type\":\"WebPage\",\"@id\":\"http:\/\/kkskozienice.pl\/?p=10890#webpage\",\"url\":\"http:\/\/kkskozienice.pl\/?p=10890\",\"name\":\"Micha\\u0142 Ostrowski nowym trenerem KKS-u Kozienice! -\",\"isPartOf\":{\"@id\":\"http:\/\/kkskozienice.pl\/#website\"},\"primaryImageOfPage\":{\"@id\":\"http:\/\/kkskozienice.pl\/?p=10890#primaryimage\"},\"datePublished\":\"2025-06-12T13:51:57+00:00\",\"dateModified\":\"2025-06-12T13:51:57+00:00\",\"author\":{\"@id\":\"http:\/\/kkskozienice.pl\/#\/schema\/person\/10a52de0174b8fae62abdf426c578d51\"},\"description\":\"Do\\u015bwiadczony \\u015brodkowy poprowadzi nasz zesp\\u00f3\\u0142 w sezonie 2025\/26.\",\"inLanguage\":\"pl-PL\",\"potentialAction\":[{\"@type\":\"ReadAction\",\"target\":[\"http:\/\/kkskozienice.pl\/?p=10890\"]}]},{\"@type\":\"Person\",\"@id\":\"http:\/\/kkskozienice.pl\/#\/schema\/person\/10a52de0174b8fae62abdf426c578d51\",\"name\":\"kkskozienice\",\"image\":{\"@type\":\"ImageObject\",\"@id\":\"http:\/\/kkskozienice.pl\/#personlogo\",\"inLanguage\":\"pl-PL\",\"url\":\"http:\/\/1.gravatar.com\/avatar\/19af7574fba956f0b7e1b9584abbc028?s=96&d=mm&r=g\",\"caption\":\"kkskozienice\"}}]}<\/script>\n<!-- \/ Yoast SEO plugin. -->","_links":{"self":[{"href":"http:\/\/kkskozienice.pl\/index.php?rest_route=\/wp\/v2\/posts\/10890"}],"collection":[{"href":"http:\/\/kkskozienice.pl\/index.php?rest_route=\/wp\/v2\/posts"}],"about":[{"href":"http:\/\/kkskozienice.pl\/index.php?rest_route=\/wp\/v2\/types\/post"}],"author":[{"embeddable":true,"href":"http:\/\/kkskozienice.pl\/index.php?rest_route=\/wp\/v2\/users\/1"}],"replies":[{"embeddable":true,"href":"http:\/\/kkskozienice.pl\/index.php?rest_route=%2Fwp%2Fv2%2Fcomments&post=10890"}],"version-history":[{"count":1,"href":"http:\/\/kkskozienice.pl\/index.php?rest_route=\/wp\/v2\/posts\/10890\/revisions"}],"predecessor-version":[{"id":10898,"href":"http:\/\/kkskozienice.pl\/index.php?rest_route=\/wp\/v2\/posts\/10890\/revisions\/10898"}],"wp:featuredmedia":[{"embeddable":true,"href":"http:\/\/kkskozienice.pl\/index.php?rest_route=\/wp\/v2\/media\/10891"}],"wp:attachment":[{"href":"http:\/\/kkskozienice.pl\/index.php?rest_route=%2Fwp%2Fv2%2Fmedia&parent=10890"}],"wp:term":[{"taxonomy":"category","embeddable":true,"href":"http:\/\/kkskozienice.pl\/index.php?rest_route=%2Fwp%2Fv2%2Fcategories&post=10890"},{"taxonomy":"post_tag","embeddable":true,"href":"http:\/\/kkskozienice.pl\/index.php?rest_route=%2Fwp%2Fv2%2Ftags&post=10890"}],"curies":[{"name":"wp","href":"https:\/\/api.w.org\/{rel}","templated":true}]}}