{"id":1556,"date":"2019-10-03T20:24:09","date_gmt":"2019-10-03T20:24:09","guid":{"rendered":"http:\/\/kkskozienice.pl\/?p=1556"},"modified":"2019-10-03T20:24:09","modified_gmt":"2019-10-03T20:24:09","slug":"startuje-ii-liga-na-poczatek-kks-podejmuje-blekitnych","status":"publish","type":"post","link":"http:\/\/kkskozienice.pl\/?p=1556","title":{"rendered":"Startuje II liga. Na pocz\u0105tek KKS podejmuje B\u0142\u0119kitnych"},"content":{"rendered":"<h4 style=\"text-align: justify;\"><b>Ju\u017c w najbli\u017csz\u0105 sobot\u0119, 5 pa\u017adziernika, ruszaj\u0105 rozgrywki II ligi pi\u0142ki siatkowej. Podobnie jak w poprzednich latach, Enea KKS Kozienice b\u0119dzie rywalizowa\u0142 w grupie 6. Na pocz\u0105tek podopiecznych Marka Grzelczaka czeka pojedynek z B\u0142\u0119kitnymi Ropczyce. Serdecznie zapraszamy do hali przy ul. G\u0142owaczowskiej i prosimy o gor\u0105cy doping. Pocz\u0105tek spotkania o godz. 18.00.<\/b><\/h4>\n<p style=\"text-align: justify;\">Tym razem w naszej grupie znalaz\u0142o si\u0119 8 zespo\u0142\u00f3w. Enea KKS Kozienice b\u0119dzie mierzy\u0107 si\u0119 z nast\u0119puj\u0105cymi ekipami: MKS Avia \u015awidnik, MKS Wis\u0142ok Strzy\u017c\u00f3w, Neobus RAF-MAR So\u0142ek Cars Niebylec, MKS MOSiR Jas\u0142o, Karpaty PWSZ Krosno, Galicja S\u0119dzisz\u00f3w i KS B\u0142\u0119kitni Ropczyce.<\/p>\n<p style=\"text-align: justify;\">Sezon b\u0119dzie podzielony na faz\u0119 zasadnicz\u0105 (2 rundy) oraz rund\u0119 play off, w kt\u00f3rej wy\u0142onione zostan\u0105 ekipy do turnieju p\u00f3\u0142fina\u0142owego, a dalej do fina\u0142owego. Do I rundy play off wejd\u0105 dru\u017cyny z miejsc 1-4, analogicznie ekipy z miejsc 5-8 zagraj\u0105 play outy (2 rundy). Przegrany obu rund spadnie do ni\u017cszej ligi.<\/p>\n<p style=\"text-align: justify;\"><strong>Kadra z ogromnym potencja\u0142em<\/strong><\/p>\n<p style=\"text-align: justify;\">W trakcie wakacji w naszym zespole dosz\u0142o do kilku zmian kadrowych. Z dru\u017cyny odeszli Micha\u0142 Moniak (Karpaty Krosno), Jan Czubi\u0144ski i Sebastian Ta\u0142aj (rezygnacja z gry ze wzgl\u0119d\u00f3w osobistych). Do\u0142\u0105czyli natomiast Wojciech Kwiecie\u0144, Bartosz Jesie\u0144 (poprzednio Politechnika Lubelska) oraz Patryk Walczak (poprz. AZS Cz\u0119stochowa). Aktualnie kadra KKS-u wygl\u0105da nast\u0119puj\u0105co:<\/p>\n<p style=\"text-align: justify;\"><strong>Przyj\u0119cie:<\/strong> Janusz Rdu\u0142towski, Micha\u0142 Koryci\u0144ski, Patryk Walczak, Kacper K\u0119dra, Daniel Ostrowski<br \/>\n<strong>Rozegranie:<\/strong> Wojciech Kwiecie\u0144, Sebastian Wanat, Micha\u0142 Kalita<br \/>\n<strong>\u015arodek:<\/strong> Krzysztof Jeziorowski, Kamil Kapusta, Bart\u0142omiej Koryci\u0144ski, Bartosz Jesie\u0144<br \/>\n<strong>Atak:<\/strong> Marcin Obremski<br \/>\n<strong>Libero:<\/strong> Robert G\u0142ogowski<\/p>\n<p style=\"text-align: justify;\">Nasi siatkarze maj\u0105 za sob\u0105 intensywny okres przygotowawczy, a trener Marek Grzelczak mo\u017ce korzysta\u0107 z us\u0142ug niemal wszystkich z nich. Jedynie Krzysztof Jeziorowski boryka si\u0119 jeszcze z kontuzj\u0105, chocia\u017c nied\u0142ugo powinien wr\u00f3ci\u0107 do trening\u00f3w.<\/p>\n<p style=\"text-align: justify;\"><strong>Zaczynamy z B\u0142\u0119kitnymi<\/strong><\/p>\n<p style=\"text-align: justify;\">Naszym pierwszym rywalem b\u0119dzie Klub Siatkarski B\u0142\u0119kitni Ropczyce. To ekipa doskonale znana kozienickiej publiczno\u015bci, gdy\u017c rywalizujemy z nimi od czasu naszego powrotu do II ligi w 2016 roku. Mecze z B\u0142\u0119kitnymi zawsze przynosz\u0105 sporo emocji.<\/p>\n<p style=\"text-align: justify;\">Poprzedni sezon r\u00f3wnie\u017c zaczynali\u015bmy od meczu z teamem z Ropczyc, chocia\u017c tamtym razem grali\u015bmy na wyje\u017adzie, gdzie ulegli\u015bmy 1:3 (25:18, 25:16, 25:21, 27:25). W grudniowym rewan\u017cu g\u00f3r\u0105 byli ju\u017c podopieczni Marka Grzelczaka, kt\u00f3rzy wygrali 3:0 (25:17, 25:22, 27:25). Warto jednak zaznaczy\u0107, \u017ce nie by\u0142 to zbyt udany sezon dla naszych rywali, kt\u00f3rzy rund\u0119 zasadnicz\u0105 sko\u0144czyli dopiero na 7. pozycji (przypomnijmy KKS by\u0142 4.)<\/p>\n<p style=\"text-align: justify;\">Nowy sezon to oczywi\u015bcie nowe emocje, dlatego tym bardziej liczmy na doping ze strony kozienickiej publiczno\u015bci. Serdecznie zapraszamy wszystkich na sobotni mecz do hali przy ul. G\u0142owaczowskiej. Jak zawsze, wst\u0119p wolny.<\/p>\n<p style=\"text-align: justify;\">Energii naszym siatkarzom dodaje Enea.<\/p>\n<p style=\"text-align: center;\"><a href=\"http:\/\/kkskozienice.pl\/wp-content\/uploads\/2019\/10\/kks-b\u0142\u0119kitni-jpg.jpg\"><img loading=\"lazy\" class=\"alignnone size-large wp-image-1551\" src=\"http:\/\/kkskozienice.pl\/wp-content\/uploads\/2019\/10\/kks-b\u0142\u0119kitni-jpg-1024x726.jpg\" alt=\"\" width=\"654\" height=\"464\" \/><\/a><\/p>\n","protected":false},"excerpt":{"rendered":"<p>Ju\u017c w najbli\u017csz\u0105 sobot\u0119, 5 pa\u017adziernika, ruszaj\u0105 rozgrywki II ligi pi\u0142ki siatkowej. Podobnie jak w poprzednich latach, Enea KKS Kozienice b\u0119dzie rywalizowa\u0142 w grupie 6. Na pocz\u0105tek podopiecznych Marka Grzelczaka czeka pojedynek z B\u0142\u0119kitnymi Ropczyce. Serdecznie zapraszamy do hali przy ul. G\u0142owaczowskiej i prosimy o gor\u0105cy doping. Pocz\u0105tek spotkania o godz. 18.00. Tym razem w [&hellip;]<\/p>\n","protected":false},"author":1,"featured_media":1521,"comment_status":"closed","ping_status":"open","sticky":false,"template":"","format":"standard","meta":[],"categories":[1],"tags":[29,25,26,23],"yoast_head":"<!-- This site is optimized with the Yoast SEO plugin v15.2 - https:\/\/yoast.com\/wordpress\/plugins\/seo\/ -->\n<title>Startuje II liga. Na pocz\u0105tek KKS podejmuje B\u0142\u0119kitnych -<\/title>\n<meta name=\"robots\" content=\"index, follow, max-snippet:-1, max-image-preview:large, max-video-preview:-1\" \/>\n<link rel=\"canonical\" href=\"http:\/\/kkskozienice.pl\/?p=1556\" \/>\n<meta property=\"og:locale\" content=\"pl_PL\" \/>\n<meta property=\"og:type\" content=\"article\" \/>\n<meta property=\"og:title\" content=\"Startuje II liga. Na pocz\u0105tek KKS podejmuje B\u0142\u0119kitnych -\" \/>\n<meta property=\"og:description\" content=\"Ju\u017c w najbli\u017csz\u0105 sobot\u0119, 5 pa\u017adziernika, ruszaj\u0105 rozgrywki II ligi pi\u0142ki siatkowej. Podobnie jak w poprzednich latach, Enea KKS Kozienice b\u0119dzie rywalizowa\u0142 w grupie 6. Na pocz\u0105tek podopiecznych Marka Grzelczaka czeka pojedynek z B\u0142\u0119kitnymi Ropczyce. Serdecznie zapraszamy do hali przy ul. G\u0142owaczowskiej i prosimy o gor\u0105cy doping. Pocz\u0105tek spotkania o godz. 18.00. Tym razem w [&hellip;]\" \/>\n<meta property=\"og:url\" content=\"http:\/\/kkskozienice.pl\/?p=1556\" \/>\n<meta property=\"article:publisher\" content=\"https:\/\/www.facebook.com\/EneaKksKozienice\" \/>\n<meta property=\"article:published_time\" content=\"2019-10-03T20:24:09+00:00\" \/>\n<meta property=\"og:image\" content=\"http:\/\/kkskozienice.pl\/wp-content\/uploads\/2019\/10\/07.jpg\" \/>\n\t<meta property=\"og:image:width\" content=\"1200\" \/>\n\t<meta property=\"og:image:height\" content=\"797\" \/>\n<meta name=\"twitter:card\" content=\"summary_large_image\" \/>\n<meta name=\"twitter:creator\" content=\"@KKSKozienice\" \/>\n<meta name=\"twitter:site\" content=\"@KKSKozienice\" \/>\n<meta name=\"twitter:label1\" value=\"Written by\">\n\t<meta name=\"twitter:data1\" value=\"kkskozienice\">\n\t<meta name=\"twitter:label2\" value=\"Est. reading time\">\n\t<meta name=\"twitter:data2\" value=\"2 minuty\">\n<script type=\"application\/ld+json\" class=\"yoast-schema-graph\">{\"@context\":\"https:\/\/schema.org\",\"@graph\":[{\"@type\":\"WebSite\",\"@id\":\"http:\/\/kkskozienice.pl\/#website\",\"url\":\"http:\/\/kkskozienice.pl\/\",\"name\":\"\",\"description\":\"\",\"potentialAction\":[{\"@type\":\"SearchAction\",\"target\":\"http:\/\/kkskozienice.pl\/?s={search_term_string}\",\"query-input\":\"required name=search_term_string\"}],\"inLanguage\":\"pl-PL\"},{\"@type\":\"ImageObject\",\"@id\":\"http:\/\/kkskozienice.pl\/?p=1556#primaryimage\",\"inLanguage\":\"pl-PL\",\"url\":\"http:\/\/kkskozienice.pl\/wp-content\/uploads\/2019\/10\/07.jpg\",\"width\":1200,\"height\":797},{\"@type\":\"WebPage\",\"@id\":\"http:\/\/kkskozienice.pl\/?p=1556#webpage\",\"url\":\"http:\/\/kkskozienice.pl\/?p=1556\",\"name\":\"Startuje II liga. Na pocz\\u0105tek KKS podejmuje B\\u0142\\u0119kitnych -\",\"isPartOf\":{\"@id\":\"http:\/\/kkskozienice.pl\/#website\"},\"primaryImageOfPage\":{\"@id\":\"http:\/\/kkskozienice.pl\/?p=1556#primaryimage\"},\"datePublished\":\"2019-10-03T20:24:09+00:00\",\"dateModified\":\"2019-10-03T20:24:09+00:00\",\"author\":{\"@id\":\"http:\/\/kkskozienice.pl\/#\/schema\/person\/10a52de0174b8fae62abdf426c578d51\"},\"inLanguage\":\"pl-PL\",\"potentialAction\":[{\"@type\":\"ReadAction\",\"target\":[\"http:\/\/kkskozienice.pl\/?p=1556\"]}]},{\"@type\":\"Person\",\"@id\":\"http:\/\/kkskozienice.pl\/#\/schema\/person\/10a52de0174b8fae62abdf426c578d51\",\"name\":\"kkskozienice\",\"image\":{\"@type\":\"ImageObject\",\"@id\":\"http:\/\/kkskozienice.pl\/#personlogo\",\"inLanguage\":\"pl-PL\",\"url\":\"http:\/\/1.gravatar.com\/avatar\/19af7574fba956f0b7e1b9584abbc028?s=96&d=mm&r=g\",\"caption\":\"kkskozienice\"}}]}<\/script>\n<!-- \/ Yoast SEO plugin. -->","_links":{"self":[{"href":"http:\/\/kkskozienice.pl\/index.php?rest_route=\/wp\/v2\/posts\/1556"}],"collection":[{"href":"http:\/\/kkskozienice.pl\/index.php?rest_route=\/wp\/v2\/posts"}],"about":[{"href":"http:\/\/kkskozienice.pl\/index.php?rest_route=\/wp\/v2\/types\/post"}],"author":[{"embeddable":true,"href":"http:\/\/kkskozienice.pl\/index.php?rest_route=\/wp\/v2\/users\/1"}],"replies":[{"embeddable":true,"href":"http:\/\/kkskozienice.pl\/index.php?rest_route=%2Fwp%2Fv2%2Fcomments&post=1556"}],"version-history":[{"count":1,"href":"http:\/\/kkskozienice.pl\/index.php?rest_route=\/wp\/v2\/posts\/1556\/revisions"}],"predecessor-version":[{"id":1557,"href":"http:\/\/kkskozienice.pl\/index.php?rest_route=\/wp\/v2\/posts\/1556\/revisions\/1557"}],"wp:featuredmedia":[{"embeddable":true,"href":"http:\/\/kkskozienice.pl\/index.php?rest_route=\/wp\/v2\/media\/1521"}],"wp:attachment":[{"href":"http:\/\/kkskozienice.pl\/index.php?rest_route=%2Fwp%2Fv2%2Fmedia&parent=1556"}],"wp:term":[{"taxonomy":"category","embeddable":true,"href":"http:\/\/kkskozienice.pl\/index.php?rest_route=%2Fwp%2Fv2%2Fcategories&post=1556"},{"taxonomy":"post_tag","embeddable":true,"href":"http:\/\/kkskozienice.pl\/index.php?rest_route=%2Fwp%2Fv2%2Ftags&post=1556"}],"curies":[{"name":"wp","href":"https:\/\/api.w.org\/{rel}","templated":true}]}}