{"id":1854,"date":"2019-11-20T08:02:07","date_gmt":"2019-11-20T08:02:07","guid":{"rendered":"http:\/\/kkskozienice.pl\/?p=1854"},"modified":"2019-11-20T08:02:07","modified_gmt":"2019-11-20T08:02:07","slug":"kadeci-nie-dali-rady-czarnym-2","status":"publish","type":"post","link":"http:\/\/kkskozienice.pl\/?p=1854","title":{"rendered":"Kadeci nie dali rady Czarnym"},"content":{"rendered":"<h4 style=\"text-align: justify;\"><strong>Kadeci Enei KKS-u przegrali na wyje\u017adzie 0:3 z drug\u0105 dru\u017cyn\u0105 Czarnych Radom. By\u0142o to ich przedostatnie spotkanie w ramach II ligi kadet\u00f3w.<\/strong><\/h4>\n<p style=\"text-align: justify;\">Dla debiutuj\u0105cych w lidze m\u0142odych kozieniczan pierwszy sezon ma by\u0107 przede wszystkim okazj\u0105 do zdobycia cennego do\u015bwiadczenia. Plan minimum nasi zawodnicy ju\u017c zrobili \u2013 dwukrotnie wygrali z s\u0105siadami z Pionek i zanotowali 6 punkt\u00f3w, co daje im 4 miejsce w tabeli.<\/p>\n<p style=\"text-align: justify;\">W pi\u0105tkowym pojedynku z Czarnymi na parkiecie widoczna by\u0142a r\u00f3\u017cnica w do\u015bwiadczeniu obu ekip. KKS przegra\u0142 kolejne sety do 11, 13 i 14 oczek.<\/p>\n<p style=\"text-align: justify;\">Kolejny mecz podopieczni Krzysztofa \u0141uczy\u0144skiego zagraj\u0105 23 listopada. O godz. 11.00 podejm\u0105 w Kozienicach MOS Wolsk\u0105 Siatk\u00f3wk\u0119.<\/p>\n<p style=\"text-align: justify;\"><strong>RCS Czarni Radom II \u2013 Enea KKS Kozienice 3:0 (25:11, 25:13, 25:14)<\/strong><\/p>\n","protected":false},"excerpt":{"rendered":"<p>Kadeci Enei KKS-u przegrali na wyje\u017adzie 0:3 z drug\u0105 dru\u017cyn\u0105 Czarnych Radom. By\u0142o to ich przedostatnie spotkanie w ramach II ligi kadet\u00f3w. Dla debiutuj\u0105cych w lidze m\u0142odych kozieniczan pierwszy sezon ma by\u0107 przede wszystkim okazj\u0105 do zdobycia cennego do\u015bwiadczenia. Plan minimum nasi zawodnicy ju\u017c zrobili \u2013 dwukrotnie wygrali z s\u0105siadami z Pionek i zanotowali 6 [&hellip;]<\/p>\n","protected":false},"author":1,"featured_media":0,"comment_status":"closed","ping_status":"open","sticky":false,"template":"","format":"standard","meta":[],"categories":[1],"tags":[27,31],"yoast_head":"<!-- This site is optimized with the Yoast SEO plugin v15.2 - https:\/\/yoast.com\/wordpress\/plugins\/seo\/ -->\n<title>Kadeci nie dali rady Czarnym -<\/title>\n<meta name=\"robots\" content=\"index, follow, max-snippet:-1, max-image-preview:large, max-video-preview:-1\" \/>\n<link rel=\"canonical\" href=\"http:\/\/kkskozienice.pl\/?p=1854\" \/>\n<meta property=\"og:locale\" content=\"pl_PL\" \/>\n<meta property=\"og:type\" content=\"article\" \/>\n<meta property=\"og:title\" content=\"Kadeci nie dali rady Czarnym -\" \/>\n<meta property=\"og:description\" content=\"Kadeci Enei KKS-u przegrali na wyje\u017adzie 0:3 z drug\u0105 dru\u017cyn\u0105 Czarnych Radom. By\u0142o to ich przedostatnie spotkanie w ramach II ligi kadet\u00f3w. Dla debiutuj\u0105cych w lidze m\u0142odych kozieniczan pierwszy sezon ma by\u0107 przede wszystkim okazj\u0105 do zdobycia cennego do\u015bwiadczenia. Plan minimum nasi zawodnicy ju\u017c zrobili \u2013 dwukrotnie wygrali z s\u0105siadami z Pionek i zanotowali 6 [&hellip;]\" \/>\n<meta property=\"og:url\" content=\"http:\/\/kkskozienice.pl\/?p=1854\" \/>\n<meta property=\"article:publisher\" content=\"https:\/\/www.facebook.com\/EneaKksKozienice\" \/>\n<meta property=\"article:published_time\" content=\"2019-11-20T08:02:07+00:00\" \/>\n<meta property=\"og:image\" content=\"http:\/\/kkskozienice.pl\/wp-content\/uploads\/2019\/10\/kks-grupa.jpg\" \/>\n\t<meta property=\"og:image:width\" content=\"1875\" \/>\n\t<meta property=\"og:image:height\" content=\"1035\" \/>\n<meta name=\"twitter:card\" content=\"summary_large_image\" \/>\n<meta name=\"twitter:creator\" content=\"@KKSKozienice\" \/>\n<meta name=\"twitter:site\" content=\"@KKSKozienice\" \/>\n<meta name=\"twitter:label1\" value=\"Written by\">\n\t<meta name=\"twitter:data1\" value=\"kkskozienice\">\n\t<meta name=\"twitter:label2\" value=\"Est. reading time\">\n\t<meta name=\"twitter:data2\" value=\"0 minut\">\n<script type=\"application\/ld+json\" class=\"yoast-schema-graph\">{\"@context\":\"https:\/\/schema.org\",\"@graph\":[{\"@type\":\"WebSite\",\"@id\":\"http:\/\/kkskozienice.pl\/#website\",\"url\":\"http:\/\/kkskozienice.pl\/\",\"name\":\"\",\"description\":\"\",\"potentialAction\":[{\"@type\":\"SearchAction\",\"target\":\"http:\/\/kkskozienice.pl\/?s={search_term_string}\",\"query-input\":\"required name=search_term_string\"}],\"inLanguage\":\"pl-PL\"},{\"@type\":\"WebPage\",\"@id\":\"http:\/\/kkskozienice.pl\/?p=1854#webpage\",\"url\":\"http:\/\/kkskozienice.pl\/?p=1854\",\"name\":\"Kadeci nie dali rady Czarnym -\",\"isPartOf\":{\"@id\":\"http:\/\/kkskozienice.pl\/#website\"},\"datePublished\":\"2019-11-20T08:02:07+00:00\",\"dateModified\":\"2019-11-20T08:02:07+00:00\",\"author\":{\"@id\":\"http:\/\/kkskozienice.pl\/#\/schema\/person\/10a52de0174b8fae62abdf426c578d51\"},\"inLanguage\":\"pl-PL\",\"potentialAction\":[{\"@type\":\"ReadAction\",\"target\":[\"http:\/\/kkskozienice.pl\/?p=1854\"]}]},{\"@type\":\"Person\",\"@id\":\"http:\/\/kkskozienice.pl\/#\/schema\/person\/10a52de0174b8fae62abdf426c578d51\",\"name\":\"kkskozienice\",\"image\":{\"@type\":\"ImageObject\",\"@id\":\"http:\/\/kkskozienice.pl\/#personlogo\",\"inLanguage\":\"pl-PL\",\"url\":\"http:\/\/1.gravatar.com\/avatar\/19af7574fba956f0b7e1b9584abbc028?s=96&d=mm&r=g\",\"caption\":\"kkskozienice\"}}]}<\/script>\n<!-- \/ Yoast SEO plugin. -->","_links":{"self":[{"href":"http:\/\/kkskozienice.pl\/index.php?rest_route=\/wp\/v2\/posts\/1854"}],"collection":[{"href":"http:\/\/kkskozienice.pl\/index.php?rest_route=\/wp\/v2\/posts"}],"about":[{"href":"http:\/\/kkskozienice.pl\/index.php?rest_route=\/wp\/v2\/types\/post"}],"author":[{"embeddable":true,"href":"http:\/\/kkskozienice.pl\/index.php?rest_route=\/wp\/v2\/users\/1"}],"replies":[{"embeddable":true,"href":"http:\/\/kkskozienice.pl\/index.php?rest_route=%2Fwp%2Fv2%2Fcomments&post=1854"}],"version-history":[{"count":1,"href":"http:\/\/kkskozienice.pl\/index.php?rest_route=\/wp\/v2\/posts\/1854\/revisions"}],"predecessor-version":[{"id":1855,"href":"http:\/\/kkskozienice.pl\/index.php?rest_route=\/wp\/v2\/posts\/1854\/revisions\/1855"}],"wp:attachment":[{"href":"http:\/\/kkskozienice.pl\/index.php?rest_route=%2Fwp%2Fv2%2Fmedia&parent=1854"}],"wp:term":[{"taxonomy":"category","embeddable":true,"href":"http:\/\/kkskozienice.pl\/index.php?rest_route=%2Fwp%2Fv2%2Fcategories&post=1854"},{"taxonomy":"post_tag","embeddable":true,"href":"http:\/\/kkskozienice.pl\/index.php?rest_route=%2Fwp%2Fv2%2Ftags&post=1854"}],"curies":[{"name":"wp","href":"https:\/\/api.w.org\/{rel}","templated":true}]}}