{"id":5362,"date":"2022-04-09T17:30:29","date_gmt":"2022-04-09T17:30:29","guid":{"rendered":"http:\/\/kkskozienice.pl\/?p=5362"},"modified":"2022-04-09T17:49:46","modified_gmt":"2022-04-09T17:49:46","slug":"5362","status":"publish","type":"post","link":"http:\/\/kkskozienice.pl\/?p=5362","title":{"rendered":"Pi\u0119\u0107 set\u00f3w na koniec sezonu i zwyci\u0119stwo KKS-u!"},"content":{"rendered":"<h4 style=\"text-align: justify;\"><strong>Siatkarze Enei KKS-u Kozienice pokonali po pi\u0119ciosetowym boju ekip\u0119 Campera Wyszk\u00f3w w ostatnim starciu sezonu. W sobot\u0119, 9 kwietnia, podopieczni Marka Grzelczaka i Micha\u0142a Kality pozytywnym akcentem zako\u0144czyli tegoroczne rozgrywki II ligi i do Kozienic wracaj\u0105 z dwoma punktami. Pierwszy sezon w bardzo mocnej grupie nr 2 uko\u0144czyli\u015bmy na 6. miejscu.<\/strong><!--more--><\/h4>\n<p style=\"text-align: justify;\"><strong>Nieszczeg\u00f3lny start<\/strong><\/p>\n<p style=\"text-align: justify;\">Kozieniczanie zacz\u0119li ten mecz w tym samym sk\u0142adzie, co starcie z Ark\u0105. Ju\u017c po pierwszych akacjach wygl\u0105da\u0142o, \u017ce b\u0119dzie to ci\u0119\u017ckie spotkanie. Niestety, w pierwszej ods\u0142onie mieli\u015bmy sporo problem\u00f3w z przyj\u0119ciem, a w konsekwencji z wyprowadzeniem skutecznych atak\u00f3w i gospodarze uciekli nam na trzy oczka (6:3). KKS pr\u00f3bowa\u0142 goni\u0107, zmniejszaj\u0105c strat\u0119 po asie Ostrowskiego. Przy stanie 14:12 nasza gra si\u0119 jednak posypa\u0142a. Dwa asy, na Baranowskim i Ostrowskim i by\u0142o 16:12. Marek Grzelczak poprosi\u0142 o czas, ale po wznowieniu przewaga rywali tylko ros\u0142a. Przy 20:13 na boisku pojawili si\u0119 \u0106wikli\u0144ski i Micha\u0142 Koryci\u0144ski (za Ostrego i Kub\u0119). Ch\u0142opaki nie\u017ale weszli w gr\u0119, ale o uratowaniu tej partii nie by\u0142o jednak mowy. Seta przegrali\u015bmy do 19.<\/p>\n<p style=\"text-align: justify;\"><strong>Lepiej w drugim, ale ta ko\u0144c\u00f3wka<\/strong><\/p>\n<p style=\"text-align: justify;\">Na drugiego seta na parkiecie zosta\u0142 M. Koryci\u0144ski, wr\u00f3ci\u0142 natomiast Ostrowski (za \u0106wikli\u0144skiego). T\u0119 ods\u0142on\u0119 zacz\u0119li\u015bmy zdecydowanie lepiej. Rywale mieli problemy z mocnymi zagrywkami KKS-u, bronili\u015bmy i skutecznie oddawali\u015bmy. Za chwil\u0119 dwa asy dorzuci\u0142 Kapusta i by\u0142o 2:6. Wtedy trener gospodarzy poprosi\u0142 o czas. Kozieniczanie dalej grali swoje, a druga przerw\u0119 mieli\u015bmy przy stanie 5:11.<\/p>\n<p style=\"text-align: justify;\">W po\u0142owie seta troch\u0119 nasza gra przystan\u0119\u0142a. A po dw\u00f3ch blokach zrobi\u0142o si\u0119 9:13. Wtedy czas wzi\u0119li kozieniczanie. Po kilku dobrych akcjach i b\u0142\u0119dach gospodarzy znowu prowadzili\u015bmy sze\u015bcioma oczkami (10:16). Seta mieli\u015bmy generalnie pod kontrol\u0105, ale kilka decyzji s\u0119dzi\u00f3w by\u0142o lekko m\u00f3wi\u0105c kontrowersyjnych. Pani arbiter ci\u0105gn\u0119\u0142a rywali za uszy, nie widz\u0105c ich przewinie\u0144 (nie m\u00f3wi\u0105c o kopaniu pi\u0142ki z frustracji). Jednocze\u015bnie przerywa\u0142a nasze akcje, np. przy stanie 20:24, a na uwagi Micha\u0142a Koryci\u0144skiego&#8230; wyci\u0105gn\u0119\u0142a czerwony kartonik. I to dwukrotnie (oba dla Robka G\u0142ogowskiego). Ostatecznie seta wygrali\u015bmy do 22, ale sytuacja by\u0142a co najmniej niesmaczna. Zw\u0142aszcza w meczu o przys\u0142owiow\u0105 pietruszk\u0119.<\/p>\n<p style=\"text-align: justify;\"><strong>Pogrom w trzecim<\/strong><\/p>\n<p style=\"text-align: justify;\">Trzeci\u0105 ods\u0142on\u0119 zacz\u0119li\u015bmy od prowadzenia 0:3, a po kilku dobrych akcjach z naszej strony by\u0142o ju\u017c\u00a0 2:7. Z parkietu czu\u0107 by\u0142o sportow\u0105 z\u0142o\u015b\u0107 za te \u017cenuj\u0105ce obrazki z ko\u0144ca drugiego seta.<\/p>\n<p style=\"text-align: justify;\">Przy stanie 2:9 trener gospodarzy poprosi\u0142 o czas. Na parkiecie niewiele si\u0119 zmieni\u0142o i o drug\u0105 przerw\u0119 prosi\u0142 przy 4:14. Generalnie do ko\u0144ca partii obraz gry si\u0119 nie zmieni\u0142, a t\u0119 ods\u0142on\u0119 pewnie wygrali\u015bmy do 16.<\/p>\n<p style=\"text-align: justify;\"><strong>Kiepsko w czwartym<\/strong><\/p>\n<p style=\"text-align: justify;\">\u0141atwa wygrana w trzecim secie prze\u0142o\u017cy\u0142a si\u0119 na obni\u017cenie naszej koncentracji. Na pocz\u0105tku czwartej partii gospodarze urwali nam si\u0119 na dwa punkty, a nast\u0119pnie na cztery. Przy 10:6 wzi\u0119li\u015bmy czas.<\/p>\n<p style=\"text-align: justify;\">Gospodarze ewidentnie wr\u00f3cili do gry i narzucili swoje warunki. My znowu nie sko\u0144czyli\u015bmy kilku atak\u00f3w b\u0105d\u017a zatrzymali\u015bmy na bloku. Przewaga Campera uros\u0142a do sze\u015bciu oczek (14:8). Ewidentnie brakowa\u0142o naszego bloku, a jednocze\u015bnie mieli\u015bmy problem z tym u rywali. Camper nam odjecha\u0142. Ostatecznie seta przegrali\u015bmy do 14, a losy spotkania mia\u0142 rozstrzygn\u0105\u0107 tie-break.<\/p>\n<p style=\"text-align: justify;\"><strong>W tie-breaku o zwyci\u0119stwo<\/strong><\/p>\n<p style=\"text-align: justify;\">Tie-breaki nie by\u0142y w tym sezonie nasz\u0105 specjalno\u015bci\u0105. Tego zacz\u0119li\u015bmy ca\u0142kiem przyjemnie, bo rywale brali pierwszy czas ju\u017c przy 1:3. Za chwil\u0119, przy stanie 3:6 po asie Piotrka Ska\u0142banii, schodzili\u015bmy z parkietu po raz drugi.<\/p>\n<p style=\"text-align: justify;\">Gospodarze nie zamierzali odpuszcza\u0107. Najpierw rozegrali \u0142adn\u0105 akcj\u0119, a potem zatrzymali blokiem Ostrego, zmniejszaj\u0105c strat\u0119 (5:6). W kolejnej akcji Daniel obi\u0142 blok, a potem dorzuci\u0142 asa. Strony zmieniali\u015bmy przy rezultacie 5:8.<\/p>\n<p style=\"text-align: justify;\">Emocje mieli\u015bmy mie\u0107 do ko\u0144ca. Po pi\u0119knej, d\u0142ugiej wymianie prowadzili\u015bmy ju\u017c czterema punktami (7:11), ale za chwil\u0119 Camper odpowiedzia\u0142 blokiem i asem (9:11). Zagrali\u015bmy jednak do ko\u0144ca swoje, dobre ataki pos\u0142ali Bartek Koryci\u0144ski i Daniel Ostrowski, a w ostatniej akcji zawodnik rywali pos\u0142a\u0142 pi\u0142k\u0119 w aut. Seta wygrali\u015bmy do 12, a mecz 3:2.<\/p>\n<p style=\"text-align: justify;\"><strong>Koniec sezonu<\/strong><\/p>\n<p style=\"text-align: justify;\">Nie by\u0142 to mo\u017ce mecz wybitny w naszym wykonaniu, ale kozieniczanie pokazali charakter i zaliczyli udany rewan\u017c za pierwsze spotkanie. Wato zauwa\u017cy\u0107, \u017ce to pierwszy tie-break wygrany przez nas w bie\u017c\u0105cym sezonie (w sumie grali\u015bmy ich pi\u0119\u0107). W sobot\u0119 zanotowali kolejne 2 punkty do swojego dorobku, ale sezon i tak zako\u0144cz\u0105 na 6. pozycji (Wola wygra\u0142a 3:1 z Tr\u00f3jk\u0105 i obroni\u0142a 5. lokat\u0119).<\/p>\n<p style=\"text-align: justify;\">W sumie, w 22 spotkaniach, KKS zdoby\u0142 33 punkty, wygrywaj\u0105c przy tym 10 mecz\u00f3w. Jakie\u015b szersze podsumowanie pojawi sie na naszej stronie w najbli\u017cszych dniach. Dzi\u0119kujemy za to, \u017ce byli\u015bcie z nami przez ca\u0142y sezon!<\/p>\n<p style=\"text-align: justify;\">Energii naszym siatkarzom dodaj\u0105 Enea i Gmina Kozienice.<\/p>\n<p style=\"text-align: justify;\"><strong>KS Camper Wyszk\u00f3w \u2013 Enea KKS Kozienice 2:3 (25:19, 22:25, 16:25, 25:14, 12:15)<br \/>\n<\/strong><strong>KKS<\/strong>: Ka\u0142asz, Kapusta, Ostrowski, Baranowski, Ska\u0142bania, G\u0142ogowski (libero) oraz \u0106wikli\u0144ski, M. Koryci\u0144ski, B. Koryci\u0144ski<\/p>\n","protected":false},"excerpt":{"rendered":"<p>Siatkarze Enei KKS-u Kozienice pokonali po pi\u0119ciosetowym boju ekip\u0119 Campera Wyszk\u00f3w w ostatnim starciu sezonu. W sobot\u0119, 9 kwietnia, podopieczni Marka Grzelczaka i Micha\u0142a Kality pozytywnym akcentem zako\u0144czyli tegoroczne rozgrywki II ligi i do Kozienic wracaj\u0105 z dwoma punktami. Pierwszy sezon w bardzo mocnej grupie nr 2 uko\u0144czyli\u015bmy na 6. miejscu.<\/p>\n","protected":false},"author":1,"featured_media":5363,"comment_status":"closed","ping_status":"open","sticky":false,"template":"","format":"standard","meta":[],"categories":[1],"tags":[29,25,26,23],"yoast_head":"<!-- This site is optimized with the Yoast SEO plugin v15.2 - https:\/\/yoast.com\/wordpress\/plugins\/seo\/ -->\n<title>Pi\u0119\u0107 set\u00f3w na koniec sezonu i zwyci\u0119stwo KKS-u! -<\/title>\n<meta name=\"description\" content=\"Siatkarze Enei KKS-u Kozienice pokonali po pi\u0119ciosetowym boju ekip\u0119 Campera Wyszk\u00f3w w ostatnim starciu sezonu. W sobot\u0119, 9 kwietnia, podopieczni Marka Grzelczaka i Micha\u0142a Kality pozytywnym akcentem zako\u0144czyli tegoroczne rozgrywki II ligi i do Kozienic wracaj\u0105 z dwoma punktami. Pierwszy sezon w bardzo mocnej grupie nr 2 uko\u0144czyli\u015bmy na 6. miejscu.\" \/>\n<meta name=\"robots\" content=\"index, follow, max-snippet:-1, max-image-preview:large, max-video-preview:-1\" \/>\n<link rel=\"canonical\" href=\"http:\/\/kkskozienice.pl\/?p=5362\" \/>\n<meta property=\"og:locale\" content=\"pl_PL\" \/>\n<meta property=\"og:type\" content=\"article\" \/>\n<meta property=\"og:title\" content=\"Pi\u0119\u0107 set\u00f3w na koniec sezonu i zwyci\u0119stwo KKS-u!\" \/>\n<meta property=\"og:description\" content=\"Siatkarze Enei KKS-u Kozienice pokonali po pi\u0119ciosetowym boju ekip\u0119 Campera Wyszk\u00f3w w ostatnim starciu sezonu. W sobot\u0119, 9 kwietnia, podopieczni Marka Grzelczaka i Micha\u0142a Kality pozytywnym akcentem zako\u0144czyli tegoroczne rozgrywki II ligi i do Kozienic wracaj\u0105 z dwoma punktami. Pierwszy sezon w bardzo mocnej grupie nr 2 uko\u0144czyli\u015bmy na 6. miejscu.\" \/>\n<meta property=\"og:url\" content=\"http:\/\/kkskozienice.pl\/?p=5362\" \/>\n<meta property=\"article:publisher\" content=\"https:\/\/www.facebook.com\/EneaKksKozienice\" \/>\n<meta property=\"article:published_time\" content=\"2022-04-09T17:30:29+00:00\" \/>\n<meta property=\"article:modified_time\" content=\"2022-04-09T17:49:46+00:00\" \/>\n<meta property=\"og:image\" content=\"http:\/\/kkskozienice.pl\/wp-content\/uploads\/2022\/04\/DSC_7754.jpg\" \/>\n\t<meta property=\"og:image:width\" content=\"2000\" \/>\n\t<meta property=\"og:image:height\" content=\"1328\" \/>\n<meta name=\"twitter:card\" content=\"summary_large_image\" \/>\n<meta name=\"twitter:title\" content=\"Pi\u0119\u0107 set\u00f3w na koniec sezonu i zwyci\u0119stwo KKS-u!\" \/>\n<meta name=\"twitter:description\" content=\"Siatkarze Enei KKS-u Kozienice pokonali po pi\u0119ciosetowym boju ekip\u0119 Campera Wyszk\u00f3w w ostatnim starciu sezonu. W sobot\u0119, 9 kwietnia, podopieczni Marka Grzelczaka i Micha\u0142a Kality pozytywnym akcentem zako\u0144czyli tegoroczne rozgrywki II ligi i do Kozienic wracaj\u0105 z dwoma punktami. Pierwszy sezon w bardzo mocnej grupie nr 2 uko\u0144czyli\u015bmy na 6. miejscu.\" \/>\n<meta name=\"twitter:creator\" content=\"@KKSKozienice\" \/>\n<meta name=\"twitter:site\" content=\"@KKSKozienice\" \/>\n<meta name=\"twitter:label1\" value=\"Written by\">\n\t<meta name=\"twitter:data1\" value=\"kkskozienice\">\n\t<meta name=\"twitter:label2\" value=\"Est. reading time\">\n\t<meta name=\"twitter:data2\" value=\"3 minuty\">\n<script type=\"application\/ld+json\" class=\"yoast-schema-graph\">{\"@context\":\"https:\/\/schema.org\",\"@graph\":[{\"@type\":\"WebSite\",\"@id\":\"http:\/\/kkskozienice.pl\/#website\",\"url\":\"http:\/\/kkskozienice.pl\/\",\"name\":\"\",\"description\":\"\",\"potentialAction\":[{\"@type\":\"SearchAction\",\"target\":\"http:\/\/kkskozienice.pl\/?s={search_term_string}\",\"query-input\":\"required name=search_term_string\"}],\"inLanguage\":\"pl-PL\"},{\"@type\":\"ImageObject\",\"@id\":\"http:\/\/kkskozienice.pl\/?p=5362#primaryimage\",\"inLanguage\":\"pl-PL\",\"url\":\"http:\/\/kkskozienice.pl\/wp-content\/uploads\/2022\/04\/DSC_7754.jpg\",\"width\":2000,\"height\":1328},{\"@type\":\"WebPage\",\"@id\":\"http:\/\/kkskozienice.pl\/?p=5362#webpage\",\"url\":\"http:\/\/kkskozienice.pl\/?p=5362\",\"name\":\"Pi\\u0119\\u0107 set\\u00f3w na koniec sezonu i zwyci\\u0119stwo KKS-u! -\",\"isPartOf\":{\"@id\":\"http:\/\/kkskozienice.pl\/#website\"},\"primaryImageOfPage\":{\"@id\":\"http:\/\/kkskozienice.pl\/?p=5362#primaryimage\"},\"datePublished\":\"2022-04-09T17:30:29+00:00\",\"dateModified\":\"2022-04-09T17:49:46+00:00\",\"author\":{\"@id\":\"http:\/\/kkskozienice.pl\/#\/schema\/person\/10a52de0174b8fae62abdf426c578d51\"},\"description\":\"Siatkarze Enei KKS-u Kozienice pokonali po pi\\u0119ciosetowym boju ekip\\u0119 Campera Wyszk\\u00f3w w ostatnim starciu sezonu. W sobot\\u0119, 9 kwietnia, podopieczni Marka Grzelczaka i Micha\\u0142a Kality pozytywnym akcentem zako\\u0144czyli tegoroczne rozgrywki II ligi i do Kozienic wracaj\\u0105 z dwoma punktami. Pierwszy sezon w bardzo mocnej grupie nr 2 uko\\u0144czyli\\u015bmy na 6. miejscu.\",\"inLanguage\":\"pl-PL\",\"potentialAction\":[{\"@type\":\"ReadAction\",\"target\":[\"http:\/\/kkskozienice.pl\/?p=5362\"]}]},{\"@type\":\"Person\",\"@id\":\"http:\/\/kkskozienice.pl\/#\/schema\/person\/10a52de0174b8fae62abdf426c578d51\",\"name\":\"kkskozienice\",\"image\":{\"@type\":\"ImageObject\",\"@id\":\"http:\/\/kkskozienice.pl\/#personlogo\",\"inLanguage\":\"pl-PL\",\"url\":\"http:\/\/1.gravatar.com\/avatar\/19af7574fba956f0b7e1b9584abbc028?s=96&d=mm&r=g\",\"caption\":\"kkskozienice\"}}]}<\/script>\n<!-- \/ Yoast SEO plugin. -->","_links":{"self":[{"href":"http:\/\/kkskozienice.pl\/index.php?rest_route=\/wp\/v2\/posts\/5362"}],"collection":[{"href":"http:\/\/kkskozienice.pl\/index.php?rest_route=\/wp\/v2\/posts"}],"about":[{"href":"http:\/\/kkskozienice.pl\/index.php?rest_route=\/wp\/v2\/types\/post"}],"author":[{"embeddable":true,"href":"http:\/\/kkskozienice.pl\/index.php?rest_route=\/wp\/v2\/users\/1"}],"replies":[{"embeddable":true,"href":"http:\/\/kkskozienice.pl\/index.php?rest_route=%2Fwp%2Fv2%2Fcomments&post=5362"}],"version-history":[{"count":5,"href":"http:\/\/kkskozienice.pl\/index.php?rest_route=\/wp\/v2\/posts\/5362\/revisions"}],"predecessor-version":[{"id":5369,"href":"http:\/\/kkskozienice.pl\/index.php?rest_route=\/wp\/v2\/posts\/5362\/revisions\/5369"}],"wp:featuredmedia":[{"embeddable":true,"href":"http:\/\/kkskozienice.pl\/index.php?rest_route=\/wp\/v2\/media\/5363"}],"wp:attachment":[{"href":"http:\/\/kkskozienice.pl\/index.php?rest_route=%2Fwp%2Fv2%2Fmedia&parent=5362"}],"wp:term":[{"taxonomy":"category","embeddable":true,"href":"http:\/\/kkskozienice.pl\/index.php?rest_route=%2Fwp%2Fv2%2Fcategories&post=5362"},{"taxonomy":"post_tag","embeddable":true,"href":"http:\/\/kkskozienice.pl\/index.php?rest_route=%2Fwp%2Fv2%2Ftags&post=5362"}],"curies":[{"name":"wp","href":"https:\/\/api.w.org\/{rel}","templated":true}]}}