{"id":7075,"date":"2023-04-08T08:54:16","date_gmt":"2023-04-08T08:54:16","guid":{"rendered":"http:\/\/kkskozienice.pl\/?p=7075"},"modified":"2023-04-08T08:54:16","modified_gmt":"2023-04-08T08:54:16","slug":"rusza-regionalna-liga-mlodziezowa-enea-cup-2","status":"publish","type":"post","link":"http:\/\/kkskozienice.pl\/?p=7075","title":{"rendered":"Rusza Regionalna Liga M\u0142odzie\u017cowa Enea Cup!"},"content":{"rendered":"<h4 style=\"text-align: justify;\" align=\"justify\"><b><span style=\"font-size: medium;\">Po raz kolejny na parkietach hali KCRiS <\/span><span style=\"font-size: medium;\">przy ul. G\u0142owaczowskiej b\u0119d\u0105 toczy\u0142y si\u0119 rozgrywki Regionalnej Ligi M\u0142odzie\u017cowej Enea Cup, organizowanej przez Kozienicki Klub Siatk\u00f3wki przy wsparciu Enei Wytwarzanie w ramach Enei Akademii Sportu.<\/span><\/b><\/h4>\n<p align=\"justify\"><!--more--><\/p>\n<p style=\"text-align: justify;\" align=\"justify\"><span style=\"font-size: medium;\">B\u0119dzie to ju\u017c trzecia edycja zawod\u00f3w, b\u0119d\u0105cych owocem wsp\u00f3\u0142pracy naszego klubu i Sponsora tytularnego. Od lat czynimy wsp\u00f3lne dzia\u0142ania na rzecz rozwoju i promocji siatk\u00f3wki w\u015br\u00f3d najm\u0142odszego pokolenia.<\/span><\/p>\n<p style=\"text-align: justify;\" align=\"justify\"><span style=\"font-size: medium;\">Na pocz\u0105tek swoje umiej\u0119tno\u015bci sprawdz\u0105 dziewcz\u0119ta z rocznik\u00f3w 2006 i m\u0142odszych. <\/span><span style=\"font-size: medium;\">Pierwszy z tegorocznych turniej\u00f3w odb\u0119dzie si\u0119 ju\u017c w sobot\u0119, 15 kwietnia. Pocz\u0105tek oko\u0142o godz. 10.00. W kolejny weekend na parkiet wyjd\u0105 m\u0142odziczki, czyli dziewcz\u0119ta z rocznika z 2009 oraz m\u0142odsze. Jak zapowiadaj\u0105 organizatorzy, nie zabraknie te\u017c zawod\u00f3w dla najm\u0142odszych siatkarek. O rozgrywkach b\u0119dziemy informowa\u0107 na naszej stronie klubowej. Zapraszamy do kibicowania!<\/span><\/p>\n<p style=\"text-align: justify;\" align=\"justify\"><span style=\"font-size: medium;\">Energii naszym m\u0142odym siatkarkom dodaj\u0105 Enea i Gmina Kozienice.<\/span><\/p>\n","protected":false},"excerpt":{"rendered":"<p>Po raz kolejny na parkietach hali KCRiS przy ul. G\u0142owaczowskiej b\u0119d\u0105 toczy\u0142y si\u0119 rozgrywki Regionalnej Ligi M\u0142odzie\u017cowej Enea Cup, organizowanej przez Kozienicki Klub Siatk\u00f3wki przy wsparciu Enei Wytwarzanie w ramach Enei Akademii Sportu.<\/p>\n","protected":false},"author":1,"featured_media":7076,"comment_status":"closed","ping_status":"open","sticky":false,"template":"","format":"standard","meta":[],"categories":[1],"tags":[42,41,33,49,24],"yoast_head":"<!-- This site is optimized with the Yoast SEO plugin v15.2 - https:\/\/yoast.com\/wordpress\/plugins\/seo\/ -->\n<title>Rusza Regionalna Liga M\u0142odzie\u017cowa Enea Cup! -<\/title>\n<meta name=\"description\" content=\"Po raz kolejny na parkietach hali KCRiS przy ul. G\u0142owaczowskiej b\u0119d\u0105 toczy\u0142y si\u0119 rozgrywki Regionalnej Ligi M\u0142odzie\u017cowej Enea Cup, organizowanej przez Kozienicki Klub Siatk\u00f3wki przy wsparciu Enei Wytwarzanie w ramach Enei Akademii Sportu.\" \/>\n<meta name=\"robots\" content=\"index, follow, max-snippet:-1, max-image-preview:large, max-video-preview:-1\" \/>\n<link rel=\"canonical\" href=\"https:\/\/kkskozienice.pl\/?p=7075\" \/>\n<meta property=\"og:locale\" content=\"pl_PL\" \/>\n<meta property=\"og:type\" content=\"article\" \/>\n<meta property=\"og:title\" content=\"Rusza Regionalna Liga M\u0142odzie\u017cowa Enea Cup!\" \/>\n<meta property=\"og:description\" content=\"Po raz kolejny na parkietach hali KCRiS przy ul. G\u0142owaczowskiej b\u0119d\u0105 toczy\u0142y si\u0119 rozgrywki Regionalnej Ligi M\u0142odzie\u017cowej Enea Cup, organizowanej przez Kozienicki Klub Siatk\u00f3wki przy wsparciu Enei Wytwarzanie w ramach Enei Akademii Sportu.\" \/>\n<meta property=\"og:url\" content=\"https:\/\/kkskozienice.pl\/?p=7075\" \/>\n<meta property=\"article:publisher\" content=\"https:\/\/www.facebook.com\/EneaKksKozienice\" \/>\n<meta property=\"article:published_time\" content=\"2023-04-08T08:54:16+00:00\" \/>\n<meta property=\"og:image\" content=\"http:\/\/kkskozienice.pl\/wp-content\/uploads\/2023\/04\/topka-enea.jpg\" \/>\n\t<meta property=\"og:image:width\" content=\"2000\" \/>\n\t<meta property=\"og:image:height\" content=\"1333\" \/>\n<meta name=\"twitter:card\" content=\"summary_large_image\" \/>\n<meta name=\"twitter:creator\" content=\"@KKSKozienice\" \/>\n<meta name=\"twitter:site\" content=\"@KKSKozienice\" \/>\n<meta name=\"twitter:label1\" value=\"Written by\">\n\t<meta name=\"twitter:data1\" value=\"kkskozienice\">\n\t<meta name=\"twitter:label2\" value=\"Est. reading time\">\n\t<meta name=\"twitter:data2\" value=\"1 minuta\">\n<script type=\"application\/ld+json\" class=\"yoast-schema-graph\">{\"@context\":\"https:\/\/schema.org\",\"@graph\":[{\"@type\":\"WebSite\",\"@id\":\"http:\/\/kkskozienice.pl\/#website\",\"url\":\"http:\/\/kkskozienice.pl\/\",\"name\":\"\",\"description\":\"\",\"potentialAction\":[{\"@type\":\"SearchAction\",\"target\":\"http:\/\/kkskozienice.pl\/?s={search_term_string}\",\"query-input\":\"required name=search_term_string\"}],\"inLanguage\":\"pl-PL\"},{\"@type\":\"ImageObject\",\"@id\":\"https:\/\/kkskozienice.pl\/?p=7075#primaryimage\",\"inLanguage\":\"pl-PL\",\"url\":\"http:\/\/kkskozienice.pl\/wp-content\/uploads\/2023\/04\/topka-enea.jpg\",\"width\":2000,\"height\":1333},{\"@type\":\"WebPage\",\"@id\":\"https:\/\/kkskozienice.pl\/?p=7075#webpage\",\"url\":\"https:\/\/kkskozienice.pl\/?p=7075\",\"name\":\"Rusza Regionalna Liga M\\u0142odzie\\u017cowa Enea Cup! -\",\"isPartOf\":{\"@id\":\"http:\/\/kkskozienice.pl\/#website\"},\"primaryImageOfPage\":{\"@id\":\"https:\/\/kkskozienice.pl\/?p=7075#primaryimage\"},\"datePublished\":\"2023-04-08T08:54:16+00:00\",\"dateModified\":\"2023-04-08T08:54:16+00:00\",\"author\":{\"@id\":\"http:\/\/kkskozienice.pl\/#\/schema\/person\/10a52de0174b8fae62abdf426c578d51\"},\"description\":\"Po raz kolejny na parkietach hali KCRiS przy ul. G\\u0142owaczowskiej b\\u0119d\\u0105 toczy\\u0142y si\\u0119 rozgrywki Regionalnej Ligi M\\u0142odzie\\u017cowej Enea Cup, organizowanej przez Kozienicki Klub Siatk\\u00f3wki przy wsparciu Enei Wytwarzanie w ramach Enei Akademii Sportu.\",\"inLanguage\":\"pl-PL\",\"potentialAction\":[{\"@type\":\"ReadAction\",\"target\":[\"https:\/\/kkskozienice.pl\/?p=7075\"]}]},{\"@type\":\"Person\",\"@id\":\"http:\/\/kkskozienice.pl\/#\/schema\/person\/10a52de0174b8fae62abdf426c578d51\",\"name\":\"kkskozienice\",\"image\":{\"@type\":\"ImageObject\",\"@id\":\"http:\/\/kkskozienice.pl\/#personlogo\",\"inLanguage\":\"pl-PL\",\"url\":\"http:\/\/1.gravatar.com\/avatar\/19af7574fba956f0b7e1b9584abbc028?s=96&d=mm&r=g\",\"caption\":\"kkskozienice\"}}]}<\/script>\n<!-- \/ Yoast SEO plugin. -->","_links":{"self":[{"href":"http:\/\/kkskozienice.pl\/index.php?rest_route=\/wp\/v2\/posts\/7075"}],"collection":[{"href":"http:\/\/kkskozienice.pl\/index.php?rest_route=\/wp\/v2\/posts"}],"about":[{"href":"http:\/\/kkskozienice.pl\/index.php?rest_route=\/wp\/v2\/types\/post"}],"author":[{"embeddable":true,"href":"http:\/\/kkskozienice.pl\/index.php?rest_route=\/wp\/v2\/users\/1"}],"replies":[{"embeddable":true,"href":"http:\/\/kkskozienice.pl\/index.php?rest_route=%2Fwp%2Fv2%2Fcomments&post=7075"}],"version-history":[{"count":1,"href":"http:\/\/kkskozienice.pl\/index.php?rest_route=\/wp\/v2\/posts\/7075\/revisions"}],"predecessor-version":[{"id":7077,"href":"http:\/\/kkskozienice.pl\/index.php?rest_route=\/wp\/v2\/posts\/7075\/revisions\/7077"}],"wp:featuredmedia":[{"embeddable":true,"href":"http:\/\/kkskozienice.pl\/index.php?rest_route=\/wp\/v2\/media\/7076"}],"wp:attachment":[{"href":"http:\/\/kkskozienice.pl\/index.php?rest_route=%2Fwp%2Fv2%2Fmedia&parent=7075"}],"wp:term":[{"taxonomy":"category","embeddable":true,"href":"http:\/\/kkskozienice.pl\/index.php?rest_route=%2Fwp%2Fv2%2Fcategories&post=7075"},{"taxonomy":"post_tag","embeddable":true,"href":"http:\/\/kkskozienice.pl\/index.php?rest_route=%2Fwp%2Fv2%2Ftags&post=7075"}],"curies":[{"name":"wp","href":"https:\/\/api.w.org\/{rel}","templated":true}]}}