{"id":7541,"date":"2023-09-07T06:16:28","date_gmt":"2023-09-07T06:16:28","guid":{"rendered":"http:\/\/kkskozienice.pl\/?p=7541"},"modified":"2023-09-07T06:16:28","modified_gmt":"2023-09-07T06:16:28","slug":"kks-uruchamia-siatkarskie-przedszkole-szansa-dla-twojego-malucha","status":"publish","type":"post","link":"http:\/\/kkskozienice.pl\/?p=7541","title":{"rendered":"KKS uruchamia Siatkarskie Przedszkole. Szansa dla twojego malucha"},"content":{"rendered":"<h4 style=\"text-align: justify;\"><b>To b\u0119dzie \u015bwietna opcja dla kozienickich maluch\u00f3w. Ju\u017c w pa\u017adzierniku ruszaj\u0105 zaj\u0119cia Siatkarskiego Przedszkola KKS-u Kozienice, dedykowane najm\u0142odszym adeptom siatk\u00f3wki. Spotkanie organizacyjne dla rodzic\u00f3w wraz z dzie\u0107mi zaplanowano na 27 wrze\u015bnia.<\/b><\/h4>\n<p><!--more--><\/p>\n<p style=\"text-align: justify;\">\u2013 <b>Projekt przedszkola siatkarskiego mo\u017cna powiedzie\u0107 zrodzi\u0142 si\u0119 sam. Ju\u017c jaki\u015b czas temu widzieli\u015bmy potrzeb\u0119 zorganizowania takich zaj\u0119\u0107 w naszym mie\u015bcie. Liczne rozmowy, pytania od mieszka\u0144c\u00f3w w sprawie zaj\u0119\u0107 dla najm\u0142odszych zmobilizowa\u0142y nas do rozpocz\u0119cia <\/b><b>dzia\u0142a\u0144 w tym kierunku <\/b><b>\u2013<\/b> m\u00f3wi Krzysztof Jeziorowski, cz\u0142onek zarz\u0105du klubu.<\/p>\n<p style=\"text-align: justify;\">Siatkarskie Przedszkole KKS-u Kozienice skierowane jest do ch\u0142opc\u00f3w i dziewczynek z rocznik\u00f3w 2016\/17 oraz 2018\/19. Zaj\u0119cia prowadzi\u0107 b\u0119dzie trenerka Monika Lipi\u0144ska-Jeziorowska. Treningi b\u0119d\u0105 odbywa\u0142y si\u0119 w hali KCRiS przy ul. G\u0142owaczowskiej.<\/p>\n<p style=\"text-align: justify;\">\u2013 <b>W trakcie prowadzonych zaj\u0119\u0107 zwr\u00f3cimy szczeg\u00f3ln\u0105 uwag\u0119 na \u0107wiczenia og\u00f3lnorozwojowe oraz prawid\u0142owe kszta\u0142towanie rozwoju dzieci. Oczywi\u015bcie po\u0142\u0105czymy to z pewn\u0105 form\u0105 siatk\u00f3wki dla najm\u0142odszych, co w po\u0142\u0105czeniu prze\u0142o\u017cy si\u0119 na \u015bwietn\u0105 zabaw\u0119 <\/b><b>\u2013<\/b><b> <\/b>zapowiada Monika Lipi\u0144ska-Jeziorowska.<\/p>\n<p style=\"text-align: justify;\">Dla zainteresowanych szykujemy spotkanie organizacyjne oraz trening pokazowy. Te zaplanowano na 27 wrze\u015bnia, na godz. 17.00, w hali KCRiS. Regularne zaj\u0119cia rozpoczniemy ju\u017c 4 pa\u017adziernika.<\/p>\n<p style=\"text-align: justify;\">Projekt realizowany jest przy wsparciu Ministerstwa Sportu i Turystyki. Energii naszym najm\u0142odszym siatkarzom dodaj\u0105 Enea i Gmina Kozienice.<\/p>\n<p style=\"text-align: justify;\">Zapraszamy rodzic\u00f3w razem z dzie\u0107mi<br \/>\n27.09.2023 (\u015broda), godzina 17:00<br \/>\nHala sportowa KCRiS<\/p>\n<p style=\"text-align: center;\"><a href=\"http:\/\/kkskozienice.pl\/wp-content\/uploads\/2023\/09\/siatkarskei-przedszkole.jpg\"><img loading=\"lazy\" class=\"aligncenter size-large wp-image-7543\" src=\"http:\/\/kkskozienice.pl\/wp-content\/uploads\/2023\/09\/siatkarskei-przedszkole-730x1024.jpg\" alt=\"\" width=\"654\" height=\"917\" srcset=\"http:\/\/kkskozienice.pl\/wp-content\/uploads\/2023\/09\/siatkarskei-przedszkole-730x1024.jpg 730w, http:\/\/kkskozienice.pl\/wp-content\/uploads\/2023\/09\/siatkarskei-przedszkole-214x300.jpg 214w, http:\/\/kkskozienice.pl\/wp-content\/uploads\/2023\/09\/siatkarskei-przedszkole-768x1078.jpg 768w, http:\/\/kkskozienice.pl\/wp-content\/uploads\/2023\/09\/siatkarskei-przedszkole-91x128.jpg 91w, http:\/\/kkskozienice.pl\/wp-content\/uploads\/2023\/09\/siatkarskei-przedszkole-23x32.jpg 23w, http:\/\/kkskozienice.pl\/wp-content\/uploads\/2023\/09\/siatkarskei-przedszkole-1x1.jpg 1w, http:\/\/kkskozienice.pl\/wp-content\/uploads\/2023\/09\/siatkarskei-przedszkole.jpg 960w\" sizes=\"(max-width: 654px) 100vw, 654px\" \/><\/a><\/p>\n","protected":false},"excerpt":{"rendered":"<p>To b\u0119dzie \u015bwietna opcja dla kozienickich maluch\u00f3w. Ju\u017c w pa\u017adzierniku ruszaj\u0105 zaj\u0119cia Siatkarskiego Przedszkola KKS-u Kozienice, dedykowane najm\u0142odszym adeptom siatk\u00f3wki. Spotkanie organizacyjne dla rodzic\u00f3w wraz z dzie\u0107mi zaplanowano na 27 wrze\u015bnia.<\/p>\n","protected":false},"author":1,"featured_media":7542,"comment_status":"closed","ping_status":"open","sticky":false,"template":"","format":"standard","meta":[],"categories":[1],"tags":[55],"yoast_head":"<!-- This site is optimized with the Yoast SEO plugin v15.2 - https:\/\/yoast.com\/wordpress\/plugins\/seo\/ -->\n<title>KKS uruchamia Siatkarskie Przedszkole. Szansa dla twojego malucha -<\/title>\n<meta name=\"description\" content=\"To b\u0119dzie \u015bwietna opcja dla kozienickich maluch\u00f3w. Ju\u017c w pa\u017adzierniku ruszaj\u0105 zaj\u0119cia Siatkarskiego Przedszkola KKS-u Kozienice, dedykowane najm\u0142odszym adeptom siatk\u00f3wki. Spotkanie organizacyjne dla rodzic\u00f3w wraz z dzie\u0107mi zaplanowano na 27 wrze\u015bnia.\" \/>\n<meta name=\"robots\" content=\"index, follow, max-snippet:-1, max-image-preview:large, max-video-preview:-1\" \/>\n<link rel=\"canonical\" href=\"https:\/\/kkskozienice.pl\/?p=7541\" \/>\n<meta property=\"og:locale\" content=\"pl_PL\" \/>\n<meta property=\"og:type\" content=\"article\" \/>\n<meta property=\"og:title\" content=\"KKS uruchamia Siatkarskie Przedszkole. Szansa dla twojego malucha\" \/>\n<meta property=\"og:description\" content=\"To b\u0119dzie \u015bwietna opcja dla kozienickich maluch\u00f3w. Ju\u017c w pa\u017adzierniku ruszaj\u0105 zaj\u0119cia Siatkarskiego Przedszkola KKS-u Kozienice, dedykowane najm\u0142odszym adeptom siatk\u00f3wki. Spotkanie organizacyjne dla rodzic\u00f3w wraz z dzie\u0107mi zaplanowano na 27 wrze\u015bnia.\" \/>\n<meta property=\"og:url\" content=\"https:\/\/kkskozienice.pl\/?p=7541\" \/>\n<meta property=\"article:publisher\" content=\"https:\/\/www.facebook.com\/EneaKksKozienice\" \/>\n<meta property=\"article:published_time\" content=\"2023-09-07T06:16:28+00:00\" \/>\n<meta property=\"og:image\" content=\"http:\/\/kkskozienice.pl\/wp-content\/uploads\/2023\/09\/medium-shot-kids-wearing-medals.jpg\" \/>\n\t<meta property=\"og:image:width\" content=\"2000\" \/>\n\t<meta property=\"og:image:height\" content=\"1333\" \/>\n<meta name=\"twitter:card\" content=\"summary_large_image\" \/>\n<meta name=\"twitter:creator\" content=\"@KKSKozienice\" \/>\n<meta name=\"twitter:site\" content=\"@KKSKozienice\" \/>\n<meta name=\"twitter:label1\" value=\"Written by\">\n\t<meta name=\"twitter:data1\" value=\"kkskozienice\">\n\t<meta name=\"twitter:label2\" value=\"Est. reading time\">\n\t<meta name=\"twitter:data2\" value=\"1 minuta\">\n<script type=\"application\/ld+json\" class=\"yoast-schema-graph\">{\"@context\":\"https:\/\/schema.org\",\"@graph\":[{\"@type\":\"WebSite\",\"@id\":\"http:\/\/kkskozienice.pl\/#website\",\"url\":\"http:\/\/kkskozienice.pl\/\",\"name\":\"\",\"description\":\"\",\"potentialAction\":[{\"@type\":\"SearchAction\",\"target\":\"http:\/\/kkskozienice.pl\/?s={search_term_string}\",\"query-input\":\"required name=search_term_string\"}],\"inLanguage\":\"pl-PL\"},{\"@type\":\"ImageObject\",\"@id\":\"https:\/\/kkskozienice.pl\/?p=7541#primaryimage\",\"inLanguage\":\"pl-PL\",\"url\":\"http:\/\/kkskozienice.pl\/wp-content\/uploads\/2023\/09\/medium-shot-kids-wearing-medals.jpg\",\"width\":2000,\"height\":1333},{\"@type\":\"WebPage\",\"@id\":\"https:\/\/kkskozienice.pl\/?p=7541#webpage\",\"url\":\"https:\/\/kkskozienice.pl\/?p=7541\",\"name\":\"KKS uruchamia Siatkarskie Przedszkole. Szansa dla twojego malucha -\",\"isPartOf\":{\"@id\":\"http:\/\/kkskozienice.pl\/#website\"},\"primaryImageOfPage\":{\"@id\":\"https:\/\/kkskozienice.pl\/?p=7541#primaryimage\"},\"datePublished\":\"2023-09-07T06:16:28+00:00\",\"dateModified\":\"2023-09-07T06:16:28+00:00\",\"author\":{\"@id\":\"http:\/\/kkskozienice.pl\/#\/schema\/person\/10a52de0174b8fae62abdf426c578d51\"},\"description\":\"To b\\u0119dzie \\u015bwietna opcja dla kozienickich maluch\\u00f3w. Ju\\u017c w pa\\u017adzierniku ruszaj\\u0105 zaj\\u0119cia Siatkarskiego Przedszkola KKS-u Kozienice, dedykowane najm\\u0142odszym adeptom siatk\\u00f3wki. Spotkanie organizacyjne dla rodzic\\u00f3w wraz z dzie\\u0107mi zaplanowano na 27 wrze\\u015bnia.\",\"inLanguage\":\"pl-PL\",\"potentialAction\":[{\"@type\":\"ReadAction\",\"target\":[\"https:\/\/kkskozienice.pl\/?p=7541\"]}]},{\"@type\":\"Person\",\"@id\":\"http:\/\/kkskozienice.pl\/#\/schema\/person\/10a52de0174b8fae62abdf426c578d51\",\"name\":\"kkskozienice\",\"image\":{\"@type\":\"ImageObject\",\"@id\":\"http:\/\/kkskozienice.pl\/#personlogo\",\"inLanguage\":\"pl-PL\",\"url\":\"http:\/\/1.gravatar.com\/avatar\/19af7574fba956f0b7e1b9584abbc028?s=96&d=mm&r=g\",\"caption\":\"kkskozienice\"}}]}<\/script>\n<!-- \/ Yoast SEO plugin. -->","_links":{"self":[{"href":"http:\/\/kkskozienice.pl\/index.php?rest_route=\/wp\/v2\/posts\/7541"}],"collection":[{"href":"http:\/\/kkskozienice.pl\/index.php?rest_route=\/wp\/v2\/posts"}],"about":[{"href":"http:\/\/kkskozienice.pl\/index.php?rest_route=\/wp\/v2\/types\/post"}],"author":[{"embeddable":true,"href":"http:\/\/kkskozienice.pl\/index.php?rest_route=\/wp\/v2\/users\/1"}],"replies":[{"embeddable":true,"href":"http:\/\/kkskozienice.pl\/index.php?rest_route=%2Fwp%2Fv2%2Fcomments&post=7541"}],"version-history":[{"count":1,"href":"http:\/\/kkskozienice.pl\/index.php?rest_route=\/wp\/v2\/posts\/7541\/revisions"}],"predecessor-version":[{"id":7544,"href":"http:\/\/kkskozienice.pl\/index.php?rest_route=\/wp\/v2\/posts\/7541\/revisions\/7544"}],"wp:featuredmedia":[{"embeddable":true,"href":"http:\/\/kkskozienice.pl\/index.php?rest_route=\/wp\/v2\/media\/7542"}],"wp:attachment":[{"href":"http:\/\/kkskozienice.pl\/index.php?rest_route=%2Fwp%2Fv2%2Fmedia&parent=7541"}],"wp:term":[{"taxonomy":"category","embeddable":true,"href":"http:\/\/kkskozienice.pl\/index.php?rest_route=%2Fwp%2Fv2%2Fcategories&post=7541"},{"taxonomy":"post_tag","embeddable":true,"href":"http:\/\/kkskozienice.pl\/index.php?rest_route=%2Fwp%2Fv2%2Ftags&post=7541"}],"curies":[{"name":"wp","href":"https:\/\/api.w.org\/{rel}","templated":true}]}}